{"id":4999,"global_id":"camaraboquete.org\/en?id=4999","global_id_lineage":["camaraboquete.org\/en?id=4999"],"author":"1","status":"publish","date":"2026-04-20 14:30:49","date_utc":"2026-04-20 19:30:49","modified":"2026-04-20 14:30:49","modified_utc":"2026-04-20 19:30:49","url":"https:\/\/camaraboquete.org\/en\/evento\/expoboquete\/","rest_url":"https:\/\/camaraboquete.org\/en\/wp-json\/tribe\/events\/v1\/events\/4999","title":"ExpoBoquete","description":"","excerpt":"","slug":"expoboquete","image":false,"all_day":false,"start_date":"2026-07-24 08:00:00","start_date_details":{"year":"2026","month":"07","day":"24","hour":"08","minutes":"00","seconds":"00"},"end_date":"2026-07-26 22:00:00","end_date_details":{"year":"2026","month":"07","day":"26","hour":"22","minutes":"00","seconds":"00"},"utc_start_date":"2026-07-24 13:00:00","utc_start_date_details":{"year":"2026","month":"07","day":"24","hour":"13","minutes":"00","seconds":"00"},"utc_end_date":"2026-07-27 03:00:00","utc_end_date_details":{"year":"2026","month":"07","day":"27","hour":"03","minutes":"00","seconds":"00"},"timezone":"America\/Panama","timezone_abbr":"EST","cost":"","cost_details":{"currency_symbol":"$","currency_code":"USD","currency_position":"prefix","values":[]},"website":"https:\/\/camaraboquete.org\/","show_map":true,"show_map_link":true,"hide_from_listings":false,"sticky":true,"featured":true,"categories":[{"name":"Eventos","slug":"eventos","term_group":0,"term_taxonomy_id":21,"taxonomy":"tribe_events_cat","description":"","parent":0,"count":12,"filter":"raw","id":21,"urls":{"self":"https:\/\/camaraboquete.org\/en\/wp-json\/tribe\/events\/v1\/categories\/21","collection":"https:\/\/camaraboquete.org\/en\/wp-json\/tribe\/events\/v1\/categories"}},{"name":"Feria","slug":"feria","term_group":0,"term_taxonomy_id":19,"taxonomy":"tribe_events_cat","description":"","parent":0,"count":1,"filter":"raw","id":19,"urls":{"self":"https:\/\/camaraboquete.org\/en\/wp-json\/tribe\/events\/v1\/categories\/19","collection":"https:\/\/camaraboquete.org\/en\/wp-json\/tribe\/events\/v1\/categories"}}],"tags":[],"venue":{"id":481,"author":"1","status":"publish","date":"2025-07-01 11:37:09","date_utc":"0000-00-00 00:00:00","modified":"2025-07-01 11:37:09","modified_utc":"0000-00-00 00:00:00","url":"https:\/\/camaraboquete.org\/en\/venue\/terrenos-de-la-feria-de-las-flores-y-del-cafe\/","venue":"Terrenos de la Feria de las Flores y del Caf\u00e9","slug":"terrenos-de-la-feria-de-las-flores-y-del-cafe","address":"Bajo Boquete","city":"Boquete","country":"Panama","province":"Chiriqu\u00ed","stateprovince":"Chiriqu\u00ed","json_ld":{"@type":"Place","name":"Terrenos de la Feria de las Flores y del Caf\u00e9","description":"","url":"","address":{"@type":"PostalAddress","streetAddress":"Bajo Boquete","addressLocality":"Boquete","addressRegion":"Chiriqu\u00ed","addressCountry":"Panama"},"telephone":"","sameAs":""},"show_map":true,"show_map_link":true,"global_id":"camaraboquete.org\/en?id=481","global_id_lineage":["camaraboquete.org\/en?id=481"]},"organizer":[{"id":4342,"author":"1","status":"publish","date":"2025-09-01 14:20:24","date_utc":"2025-09-01 19:20:24","modified":"2025-09-01 14:20:24","modified_utc":"2025-09-01 19:20:24","url":"https:\/\/camaraboquete.org\/en\/organizer\/camara-de-comercio-boquete\/","organizer":"C\u00e1mara de Comercio Boquete","slug":"camara-de-comercio-boquete","phone":"66291096","website":"https:\/\/www.camaraboquete.org","email":"secretaria@camaraboquete.org","json_ld":{"@type":"Person","name":"C\u00e1mara de Comercio Boquete","description":"","url":"https:\/\/www.camaraboquete.org","telephone":"66291096","email":"s&#101;&#99;&#114;&#101;&#116;&#97;ri&#97;&#64;&#99;&#97;&#109;a&#114;ab&#111;qu&#101;&#116;e&#46;&#111;rg","sameAs":"https:\/\/www.camaraboquete.org"},"global_id":"camaraboquete.org\/en?id=4342","global_id_lineage":["camaraboquete.org\/en?id=4342"]}],"custom_fields":[],"json_ld":{"@context":"http:\/\/schema.org","@type":"Event","name":"ExpoBoquete","description":"","url":"https:\/\/camaraboquete.org\/en\/evento\/expoboquete\/","eventAttendanceMode":"https:\/\/schema.org\/OfflineEventAttendanceMode","eventStatus":"https:\/\/schema.org\/EventScheduled","startDate":"2026-07-24T08:00:00-05:00","endDate":"2026-07-26T22:00:00-05:00","location":{"@type":"Place","name":"Terrenos de la Feria de las Flores y del Caf\u00e9","description":"","url":"","address":{"@type":"PostalAddress","streetAddress":"Bajo Boquete","addressLocality":"Boquete","addressRegion":"Chiriqu\u00ed","addressCountry":"Panama"},"telephone":"","sameAs":""},"organizer":{"@type":"Person","name":"C\u00e1mara de Comercio Boquete","description":"","url":"https:\/\/www.camaraboquete.org","telephone":"66291096","email":"s&#101;&#99;&#114;etaria&#64;c&#97;mar&#97;&#98;o&#113;u&#101;&#116;&#101;.o&#114;&#103;","sameAs":"https:\/\/www.camaraboquete.org"},"performer":"Organization"}}